{"id":12975,"date":"2021-10-31T19:29:38","date_gmt":"2021-10-31T17:29:38","guid":{"rendered":"https:\/\/www.uvpsk.se\/?p=12975"},"modified":"2021-10-31T19:30:09","modified_gmt":"2021-10-31T17:30:09","slug":"krm-springskytte","status":"publish","type":"post","link":"https:\/\/www.uvpsk.se\/?p=12975","title":{"rendered":"KrM Springskytte"},"content":{"rendered":"<p>L\u00f6rdagen 30\/10 arrangerade Stockholmspolisens Skyttef\u00f6rening \u00e5rets <strong>Kretsm\u00e4sterskap i Springskytte<\/strong> p\u00e5 Grimsta.<br \/>\nUVPSK fanns representerade med tre skyttar och lyckades b\u00e4rga s\u00e5v\u00e4l <strong>individuella silver<\/strong>&#8211; och <strong>bronsplatsen<\/strong> s\u00e5v\u00e4l som <strong>lagbronset<\/strong>. Grattis till Magnus M, Henrik S och nykomlingen Marcus A!<br \/>\n<a href=\"https:\/\/www.uvpsk.se\/wp-content\/uploads\/2021\/10\/Springskyttemarke_silver.png\"><img loading=\"lazy\" decoding=\"async\" src=\"https:\/\/www.uvpsk.se\/wp-content\/uploads\/2021\/10\/Springskyttemarke_silver-259x300.png\" alt=\"\" width=\"129\" height=\"150\" class=\"alignnone size-medium wp-image-12977\" srcset=\"https:\/\/www.uvpsk.se\/wp-content\/uploads\/2021\/10\/Springskyttemarke_silver-259x300.png 259w, https:\/\/www.uvpsk.se\/wp-content\/uploads\/2021\/10\/Springskyttemarke_silver.png 393w\" sizes=\"auto, (max-width: 129px) 100vw, 129px\" \/><\/a><a href=\"https:\/\/www.uvpsk.se\/wp-content\/uploads\/2021\/10\/Springskyttemarke_brons.png\"><img loading=\"lazy\" decoding=\"async\" src=\"https:\/\/www.uvpsk.se\/wp-content\/uploads\/2021\/10\/Springskyttemarke_brons-258x300.png\" alt=\"\" width=\"129\" height=\"150\" class=\"alignnone size-medium wp-image-12976\" srcset=\"https:\/\/www.uvpsk.se\/wp-content\/uploads\/2021\/10\/Springskyttemarke_brons-258x300.png 258w, https:\/\/www.uvpsk.se\/wp-content\/uploads\/2021\/10\/Springskyttemarke_brons.png 394w\" sizes=\"auto, (max-width: 129px) 100vw, 129px\" \/><\/a><br \/>\nKvar av \u00e5rets Springskyttes\u00e4song finns de sista tv\u00e5 delt\u00e4vlingarna i Grimsta Cup, l\u00f6rdagarna 13\/11 och 20\/11.<br \/>\nSedan \u00e4r det individuell tr\u00e4ning tills s\u00e4songen startar igen i b\u00f6rjan av april. V\u00e4l m\u00f6tt d\u00e5!<\/p>\n<p>\/Springskyttegruppen<\/p>\n","protected":false},"excerpt":{"rendered":"<p>L\u00f6rdagen 30\/10 arrangerade Stockholmspolisens Skyttef\u00f6rening \u00e5rets Kretsm\u00e4sterskap i Springskytte p\u00e5 Grimsta. UVPSK fanns representerade med tre skyttar och lyckades b\u00e4rga s\u00e5v\u00e4l individuella silver&#8211; och bronsplatsen s\u00e5v\u00e4l som lagbronset. Grattis till Magnus M, Henrik S och nykomlingen Marcus A! Kvar av &hellip; <a href=\"https:\/\/www.uvpsk.se\/?p=12975\">Forts\u00e4tt l\u00e4sa <span class=\"meta-nav\">&rarr;<\/span><\/a><\/p>\n","protected":false},"author":594,"featured_media":0,"comment_status":"closed","ping_status":"closed","sticky":false,"template":"","format":"standard","meta":{"footnotes":""},"categories":[11],"tags":[],"class_list":["post-12975","post","type-post","status-publish","format-standard","hentry","category-nyheter"],"_links":{"self":[{"href":"https:\/\/www.uvpsk.se\/index.php?rest_route=\/wp\/v2\/posts\/12975","targetHints":{"allow":["GET"]}}],"collection":[{"href":"https:\/\/www.uvpsk.se\/index.php?rest_route=\/wp\/v2\/posts"}],"about":[{"href":"https:\/\/www.uvpsk.se\/index.php?rest_route=\/wp\/v2\/types\/post"}],"author":[{"embeddable":true,"href":"https:\/\/www.uvpsk.se\/index.php?rest_route=\/wp\/v2\/users\/594"}],"replies":[{"embeddable":true,"href":"https:\/\/www.uvpsk.se\/index.php?rest_route=%2Fwp%2Fv2%2Fcomments&post=12975"}],"version-history":[{"count":6,"href":"https:\/\/www.uvpsk.se\/index.php?rest_route=\/wp\/v2\/posts\/12975\/revisions"}],"predecessor-version":[{"id":12983,"href":"https:\/\/www.uvpsk.se\/index.php?rest_route=\/wp\/v2\/posts\/12975\/revisions\/12983"}],"wp:attachment":[{"href":"https:\/\/www.uvpsk.se\/index.php?rest_route=%2Fwp%2Fv2%2Fmedia&parent=12975"}],"wp:term":[{"taxonomy":"category","embeddable":true,"href":"https:\/\/www.uvpsk.se\/index.php?rest_route=%2Fwp%2Fv2%2Fcategories&post=12975"},{"taxonomy":"post_tag","embeddable":true,"href":"https:\/\/www.uvpsk.se\/index.php?rest_route=%2Fwp%2Fv2%2Ftags&post=12975"}],"curies":[{"name":"wp","href":"https:\/\/api.w.org\/{rel}","templated":true}]}}