{"id":11855,"date":"2021-02-25T12:03:52","date_gmt":"2021-02-25T10:03:52","guid":{"rendered":"http:\/\/www.uvpsk.se\/?p=11855"},"modified":"2021-03-16T10:58:40","modified_gmt":"2021-03-16T08:58:40","slug":"vallrensning-10-11-april-du-behovs","status":"publish","type":"post","link":"https:\/\/www.uvpsk.se\/?p=11855","title":{"rendered":"Vallrensning 10-11 april &#8211; Du beh\u00f6vs!"},"content":{"rendered":"<p><strong>V\u00e4lkommen p\u00e5 extra arbetsdag f\u00f6r alla medlemmar den 10-11 april (L\u00f6rdag &amp; S\u00f6ndag). <\/strong><\/p>\n<p>Vi startar kl 9 och jobbar fram till senast kl 14 b\u00e5da dagarna. Uppdraget f\u00f6r dessa dagarna \u00e4r att rensa v\u00e5ra vallar, b\u00e5de p\u00e5 korth\u00e5llet och l\u00e5ngh\u00e5llet.<\/p>\n<p>I slutet av april respektive under b\u00f6rjan maj kommer tillsynsmyndigheten genomf\u00f6ra 5-\u00e5rsbesiktning p\u00e5 Eggeby. Inf\u00f6r besiktningen beh\u00f6ver vi g\u00f6ra en gemensam insats f\u00f6r att s\u00e4kerst\u00e4lla att vallarna inte har sten eller annat material som kommit i dager under vintern. Efter genomf\u00f6rd vallrensning blir n\u00e4sta steg att fylla p\u00e5 med grus, vilket kommer ske maskinellt och n\u00e5gra veckor senare.<\/p>\n<p>Iordningsst\u00e4llande av vallar, \u00e4r en f\u00f6ruts\u00e4ttning f\u00f6r att vi ska kunna genomf\u00f6ra en s\u00e4kerhetsbesiktning, d\u00e4rf\u00f6r \u00e4r ditt deltagande viktigt.<\/p>\n<p>En icke godk\u00e4nd s\u00e4kerhetsbesiktning inneb\u00e4r till f\u00f6ljd att klubben f\u00e5r skjutf\u00f6rbud tills vallarna \u00e4r ombesiktade och godk\u00e4nda igen. Det inneb\u00e4r att det ligger i v\u00e5rt allas intresse att vi \u00e4r m\u00e5nga som kan bidra i arbetet.<\/p>\n<p>Anm\u00e4lan sker via l\u00e4nken nedan. V\u00e4lj om du ska delta under l\u00f6rdagen, s\u00f6ndagen eller b\u00e5da dagarna. <strong><a href=\"https:\/\/www.uvpsk.se\/?page_id=6517\">https:\/\/www.uvpsk.se\/?page_id=6517<\/a><\/strong><\/p>\n<p>Vi vill genomf\u00f6ra arbetsdagarna under trygga former, och d\u00e4rf\u00f6r sker all aktivitet utomhus. Halva styrkan jobbar l\u00f6rdag, och andra halvan s\u00f6ndag samt att vi ser till att h\u00e5lla avst\u00e5nd.<\/p>\n<p>Frivilligt deltagande f\u00f6r Dig som ing\u00e5r i riskgrupp eller \u00e4r +65. Du som har antikroppar mot Covid-19 \u00e4r extra varmt v\u00e4lkommen.<\/p>\n<p><em><strong>Medtag g\u00e4rna l\u00e4mpliga tr\u00e4dg\u00e5rdsverktyg f\u00f6r eget bruk.<\/strong><\/em><\/p>\n<p>Styrelsen<\/p>\n","protected":false},"excerpt":{"rendered":"<p>V\u00e4lkommen p\u00e5 extra arbetsdag f\u00f6r alla medlemmar den 10-11 april (L\u00f6rdag &amp; S\u00f6ndag). Vi startar kl 9 och jobbar fram till senast kl 14 b\u00e5da dagarna. Uppdraget f\u00f6r dessa dagarna \u00e4r att rensa v\u00e5ra vallar, b\u00e5de p\u00e5 korth\u00e5llet och l\u00e5ngh\u00e5llet. &hellip; <a href=\"https:\/\/www.uvpsk.se\/?p=11855\">Forts\u00e4tt l\u00e4sa <span class=\"meta-nav\">&rarr;<\/span><\/a><\/p>\n","protected":false},"author":611,"featured_media":0,"comment_status":"closed","ping_status":"closed","sticky":false,"template":"","format":"standard","meta":{"footnotes":""},"categories":[11],"tags":[],"class_list":["post-11855","post","type-post","status-publish","format-standard","hentry","category-nyheter"],"_links":{"self":[{"href":"https:\/\/www.uvpsk.se\/index.php?rest_route=\/wp\/v2\/posts\/11855","targetHints":{"allow":["GET"]}}],"collection":[{"href":"https:\/\/www.uvpsk.se\/index.php?rest_route=\/wp\/v2\/posts"}],"about":[{"href":"https:\/\/www.uvpsk.se\/index.php?rest_route=\/wp\/v2\/types\/post"}],"author":[{"embeddable":true,"href":"https:\/\/www.uvpsk.se\/index.php?rest_route=\/wp\/v2\/users\/611"}],"replies":[{"embeddable":true,"href":"https:\/\/www.uvpsk.se\/index.php?rest_route=%2Fwp%2Fv2%2Fcomments&post=11855"}],"version-history":[{"count":5,"href":"https:\/\/www.uvpsk.se\/index.php?rest_route=\/wp\/v2\/posts\/11855\/revisions"}],"predecessor-version":[{"id":11891,"href":"https:\/\/www.uvpsk.se\/index.php?rest_route=\/wp\/v2\/posts\/11855\/revisions\/11891"}],"wp:attachment":[{"href":"https:\/\/www.uvpsk.se\/index.php?rest_route=%2Fwp%2Fv2%2Fmedia&parent=11855"}],"wp:term":[{"taxonomy":"category","embeddable":true,"href":"https:\/\/www.uvpsk.se\/index.php?rest_route=%2Fwp%2Fv2%2Fcategories&post=11855"},{"taxonomy":"post_tag","embeddable":true,"href":"https:\/\/www.uvpsk.se\/index.php?rest_route=%2Fwp%2Fv2%2Ftags&post=11855"}],"curies":[{"name":"wp","href":"https:\/\/api.w.org\/{rel}","templated":true}]}}